{"id":1011,"date":"2020-07-04T10:08:35","date_gmt":"2020-07-04T10:08:35","guid":{"rendered":"http:\/\/bestboxlunchchicago.com\/blog\/?p=1011"},"modified":"2020-07-03T06:20:08","modified_gmt":"2020-07-03T06:20:08","slug":"rencontre-photographique-voiron","status":"publish","type":"post","link":"https:\/\/bestboxlunchchicago.com\/blog\/2020\/07\/04\/rencontre-photographique-voiron\/","title":{"rendered":"Rencontre Photographique Voiron"},"content":{"rendered":"<p>Lundi 31 mars \u00e0 20h Librairie Chemain-6 rue A. Peronnet, 38500 Voiron-04 76 05 00 67 2003 installation photographique CHEMIN FAISANT-Mus\u00e9e Drevon Saint de Bournay En fait, la peur dune insurrection communiste incite Laval \u00e0 prendre contact secr\u00e8tement avec le chef des, en avril 1937, pour lui proposer ses services. Voyant le salut de la France dans un mouvement national et se d\u00e9clarant en relation avec, le et, il pronostique la chute du gouvernement Blum et appelle de ses v\u0153ux lav\u00e8nement dun gouvernement P\u00e9tain dont il dit que celui-ci serait pr\u00eat \u00e0 assumer la responsabilit\u00e9. Dans cette perspective, Laval propose \u00e0 Franco de promouvoir la cause des par voie de presse et par radio, se disant tr\u00e8s pr\u00e9occup\u00e9 par son trait\u00e9 avec la Russie, quil trouve aujourdhui dangereux pour sa patrie. Ces entretiens, consign\u00e9s \u00e0 l\u00e9poque dans un rapport de lambassadeur allemand aupr\u00e8s de Franco,, au,, ne seront publi\u00e9s quen 1951. Oui, tout peut \u00eatre cool. \u00c7a me ferait marrer, m\u00eame si on me demandait de faire un truc de merde je veux bien essayer de le faire, apr\u00e8s je ne voudrais pas quil y ait mon nom marqu\u00e9 dessus mais je trouve que les exercices de style cest toujours bien, moi \u00e7a ne me d\u00e9range pas.   Les chambres dh\u00f4tels \u00e0 Voiron, Voreppe, Moirans, au lac de Paladru.. Bonjour ou bonsoir pas facile de se d\u00e9crire en un mot je suis une personne franche jadore les balades le cin\u00e9 les sorties improvis\u00e9 les sortie \u00e0 v\u00e9lo \u00eatre dans la nature. Je.. Jaime les repas entre amis je cuisine les balades, visiter les villages, de temps en temps un restaurant, le cin\u00e9ma le th\u00e9\u00e2tre, mais aussi les balades en voitures anciennes&#8230; R\u00e9gion:-Office de Tourisme, Autrans 38france, Is\u00e8re, 11-7 mars 2004. <img decoding=\"async\" src=\"http:\/\/www.anr38.fr\/uploads\/images\/Repas%20Voironnais%20mars%202018.jpg\" alt=\"rencontre photographique voiron\" align=\"left\"> Venez d\u00e9couvrir toutes les activit\u00e9s sportives, culturelles, de loisirs et danimations de Saint Blaise du Buis! Le Forum aura lieu le vendredi 06 septembre 2019 de 17h30 \u00e0 19h30 \u00e0 la Salle La Sure-Cheveux : Brun-190 cm-Statut civil: Divorc\u00e9 Informations et situation de lassociation Reflex image creation Photographie, cin\u00e9ma dont cin\u00e9-clubs dans la ville de Voiron. Th\u00e8mes : Contacts 1971 une photographie prise avec mon appareil japonais tout neuf publi\u00e9e par PARIS-MATCH <img decoding=\"async\" src=\"http:\/\/www.womensbasketball-in-france.com\/images\/perpignan-voiron-final-2012-slide-show-0015.jpg\" alt=\"rencontre photographique voiron\" align=\"center\"> En cochant cette case, vous acceptez que nous vous contactions afin de recueillir plus dinformations concernant votre recherche. Vos donn\u00e9es ne seront pas divulgu\u00e9es \u00e0 des tiers. Consultez nos pour conna\u00eetre notre politique de confidentialit\u00e9. Je fais 1M85, 70kg, mince, assez eff\u00e9min\u00e9, cheveux longs, ch\u00e2tains, yeux marrons, peu poilu, cul et couilles.. Le dialogue citoyen et la co-construction doivent irriguer toutes les politiques publiques et tous les projets, du plus petit au plus grand, du plus pragmatique au plus strat\u00e9gique. Il sagit donc de proposer une offre de dialogue qualifi\u00e9e, attractive, innovante et multiple permettant \u00e0 tous de participer, quelle que soit leur degr\u00e9 dimplication. Pour, les dirigeants de Vichy nenvisageaient probablement pas un assassinat syst\u00e9matique des Juifs d\u00e9port\u00e9s mais leur attitude depuis l \u00e9t\u00e9 1942 se d\u00e9crypte de mani\u00e8re \u00e9vidente comme la volont\u00e9 de masquer leur participation \u00e0 un crime. Pierre Laval ment en Conseil des ministres sur le nombre de Juifs d\u00e9port\u00e9s. Pour Joly, si les lettres de diplomates sur les massacres de Juifs en Roumanie d\u00e8s 1941 ne sont jamais parvenues \u00e0 Laval, il ne fallait pas une grande imagination pour savoir ce qui attendait les Juifs vu les violences \u00e0 leur encontre commise par les nazis depuis 1933 et les discours haineux de Hitler \u00e0 leur sujet. En septembre 1942 Laval ne pose plus aux Allemands la question sur ce que vont devenir les Juifs, mais leur demande ce quil faut dire. Laval calcule que si crime il y a, la victoire militaire de lAllemagne le fera oublier, les vainqueurs ayant toujours raison.  <img decoding=\"async\" src=\"http:\/\/www.mjc-voiron.org\/wp-content\/uploads\/2015\/02\/des-jeux-role-pixabay.jpg\" alt=\"rencontre photographique voiron\" align=\"center\"> oeuvres et qui sont venus dans le pays Voironnais parler de leur Mme Elodie Jacquier Laforge, d\u00e9put\u00e9e de notre circonscription nous fera lhonneur de sa pr\u00e9sence. Si vous souhaitez d\u00e9couvrir ma mani\u00e8re de travailler et, plus important, voir des exemples de mon travail, visitez ma page de portrait. R\u00e9duction de moiti\u00e9 du d\u00e9bit d\u00e9riv\u00e9 alimentant les plans deau et des \u00e9tangs par rapport au d\u00e9bit d\u00e9riv\u00e9 autoris\u00e9 ;.<\/p>\n","protected":false},"excerpt":{"rendered":"<p>rencontre photographique voiron<\/p>\n","protected":false},"author":1,"featured_media":0,"comment_status":"closed","ping_status":"closed","sticky":false,"template":"","format":"standard","meta":{"footnotes":""},"categories":[1],"tags":[],"_links":{"self":[{"href":"https:\/\/bestboxlunchchicago.com\/blog\/wp-json\/wp\/v2\/posts\/1011"}],"collection":[{"href":"https:\/\/bestboxlunchchicago.com\/blog\/wp-json\/wp\/v2\/posts"}],"about":[{"href":"https:\/\/bestboxlunchchicago.com\/blog\/wp-json\/wp\/v2\/types\/post"}],"author":[{"embeddable":true,"href":"https:\/\/bestboxlunchchicago.com\/blog\/wp-json\/wp\/v2\/users\/1"}],"replies":[{"embeddable":true,"href":"https:\/\/bestboxlunchchicago.com\/blog\/wp-json\/wp\/v2\/comments?post=1011"}],"version-history":[{"count":1,"href":"https:\/\/bestboxlunchchicago.com\/blog\/wp-json\/wp\/v2\/posts\/1011\/revisions"}],"predecessor-version":[{"id":1012,"href":"https:\/\/bestboxlunchchicago.com\/blog\/wp-json\/wp\/v2\/posts\/1011\/revisions\/1012"}],"wp:attachment":[{"href":"https:\/\/bestboxlunchchicago.com\/blog\/wp-json\/wp\/v2\/media?parent=1011"}],"wp:term":[{"taxonomy":"category","embeddable":true,"href":"https:\/\/bestboxlunchchicago.com\/blog\/wp-json\/wp\/v2\/categories?post=1011"},{"taxonomy":"post_tag","embeddable":true,"href":"https:\/\/bestboxlunchchicago.com\/blog\/wp-json\/wp\/v2\/tags?post=1011"}],"curies":[{"name":"wp","href":"https:\/\/api.w.org\/{rel}","templated":true}]}}