{"id":1149,"date":"2020-07-04T11:14:13","date_gmt":"2020-07-04T11:14:13","guid":{"rendered":"http:\/\/bestboxlunchchicago.com\/blog\/?p=1149"},"modified":"2020-07-03T06:29:10","modified_gmt":"2020-07-03T06:29:10","slug":"rta-rencontre-theatre-ados","status":"publish","type":"post","link":"https:\/\/bestboxlunchchicago.com\/blog\/2020\/07\/04\/rta-rencontre-theatre-ados\/","title":{"rendered":"Rta Rencontre Th\u00e9\u00e2tre-Ados"},"content":{"rendered":"<p>Partenaires : Conseil des Arts du Canada, Commission Internationale du Th\u00e9\u00e2tre Francophone, Rencontres Th\u00e9\u00e2tre Ado Laval, Maison de la culture Plateau Mont-Royal Montr\u00e9al, Institut Fran\u00e7ais du Cameroun Yaound\u00e9 et la Maison des Auteurs de Limoges Festival Les Francophonies en Limousin  Be the first to comment on La parole aux jeunes pour la 22e Rencontre Th\u00e9\u00e2tre Ados NOUBLIEZ PAS DE VOUS ABONNER, cela maiderait beaucoup et cela ne vous co\u00fbte quun clic :- Textes Martin Bellemare, Gianni Gr\u00e9gory Fornet et Sufo-Sufo Avec Patrick Daheu, Coralie Leblan et Mireille Tawfik Mise en sc\u00e8ne Gianni Gr\u00e9gory Fornet Collaboration artistique Martin Bellemare et Sufo-Sufo Lumi\u00e8res et r\u00e9gie vid\u00e9o V\u00e9ronique Bridier Assistante \u00e0 lespace et \u00e0 la technique Ad\u00e8le Bensussan Musique originale ChenillaR Suzanne P\u00e9chenart et \u00c9lodie Robine Film vid\u00e9o et montage Jo\u00e3o Garcia Bande-son et mixage Fran\u00e7ois Gueurce Costumes C\u00e9line Perrigon Collaboration artistique : Martin Bellemare et Sufo-Sufo iframe width512px height384px srchttps:www.yumpu.comfrembedviewayseSzBDxif8V5n2 frameborder0 allowfullscreentrue allowtransparencytrueiframe Le papa dune jeune fille de 16 ans, qui a beaucoup fraternis\u00e9 avec le jeune public \u00e0 l\u00e9poque o\u00f9 il jouait dans la com\u00e9die Dans une galaxie pr\u00e8s de chez vous, se r\u00e9jouit par ailleurs de constater que la RTA propose \u00e0 sa client\u00e8le un contenu accessible et adapt\u00e9 \u00e0 sa r\u00e9alit\u00e9. TOUTE UNE EXP\u00c9RIENCE V\u00c9CUE AU FESTIVAL NOVADO Fondation Coll\u00e8ge Laval <img decoding=\"async\" src=\"http:\/\/s-www.lejsl.com\/images\/81A1C95E-5A3C-4EB2-A50C-4AB241932885\/JSL_v1_02\/le-centre-said-omar-mystifie-l-ailier-nimois-roucoux-et-resiste-au-plaquage-du-pilier-bonnaure-sous-le-regard-d-un-brunel-admiratif-le-colosse-remonte-tout-le-terrain-et-masson-conclut-l-action-au-pied-des-poteaux-photo-salvatore-barlett-a-1489351961.jpg\" alt=\"rta rencontre th\u00e9\u00e2tre-ados\" align=\"left\"> En image: Spectacle Ceux qui nexistent pas de DynamO Th\u00e9\u00e2tre festival 2019.  Du 3 au 5 Novembre 2020 : Expoprotection Paris Porte de Versailles Le jeudi 28 novembre \u00e0 20h \u00e0 La Manufacture-CDCN Nouvelle-Aquitaine 33 Les jeunes en action : Rencontre Th\u00e9\u00e2tre Ados RTA Lascaux. Dans cette nouveaut\u00e9 du Th\u00e9\u00e2tre Bouches D\u00e9cousues, en coproduction avec le Th\u00e9\u00e2tre Pupulus Mordicus, Jasmine Dub\u00e9 raconte lhistoire dune femme qui, tout au fond dune caverne, participe au commencement dun monde, celui de son fils. Je suis le contrepoids du monde <img decoding=\"async\" src=\"http:\/\/bluff.qc.ca\/wp-content\/uploads\/2015\/07\/Diaporama.Les-HP.990x460-988x460.jpg\" alt=\"rta rencontre th\u00e9\u00e2tre-ados\" align=\"center\"> 13 avril 2015-17:00 Le Festival 2015 de la Rencontre Th\u00e9\u00e2tre Ados commence aujourdhui <img decoding=\"async\" src=\"http:\/\/www.mzandrehe.gq\/wp-content\/gallery\/trainspotting-en-rhenanie-du-nord-westphalie-part-3\/06.jpg\" alt=\"rta rencontre th\u00e9\u00e2tre-ados\" align=\"right\"> Tous droits r\u00e9serv\u00e9s 2002-2018 Arrondissement.com.<\/p>\n","protected":false},"excerpt":{"rendered":"<p>rta rencontre th\u00e9\u00e2tre-ados<\/p>\n","protected":false},"author":1,"featured_media":0,"comment_status":"closed","ping_status":"closed","sticky":false,"template":"","format":"standard","meta":{"footnotes":""},"categories":[1],"tags":[],"_links":{"self":[{"href":"https:\/\/bestboxlunchchicago.com\/blog\/wp-json\/wp\/v2\/posts\/1149"}],"collection":[{"href":"https:\/\/bestboxlunchchicago.com\/blog\/wp-json\/wp\/v2\/posts"}],"about":[{"href":"https:\/\/bestboxlunchchicago.com\/blog\/wp-json\/wp\/v2\/types\/post"}],"author":[{"embeddable":true,"href":"https:\/\/bestboxlunchchicago.com\/blog\/wp-json\/wp\/v2\/users\/1"}],"replies":[{"embeddable":true,"href":"https:\/\/bestboxlunchchicago.com\/blog\/wp-json\/wp\/v2\/comments?post=1149"}],"version-history":[{"count":1,"href":"https:\/\/bestboxlunchchicago.com\/blog\/wp-json\/wp\/v2\/posts\/1149\/revisions"}],"predecessor-version":[{"id":1150,"href":"https:\/\/bestboxlunchchicago.com\/blog\/wp-json\/wp\/v2\/posts\/1149\/revisions\/1150"}],"wp:attachment":[{"href":"https:\/\/bestboxlunchchicago.com\/blog\/wp-json\/wp\/v2\/media?parent=1149"}],"wp:term":[{"taxonomy":"category","embeddable":true,"href":"https:\/\/bestboxlunchchicago.com\/blog\/wp-json\/wp\/v2\/categories?post=1149"},{"taxonomy":"post_tag","embeddable":true,"href":"https:\/\/bestboxlunchchicago.com\/blog\/wp-json\/wp\/v2\/tags?post=1149"}],"curies":[{"name":"wp","href":"https:\/\/api.w.org\/{rel}","templated":true}]}}