{"id":395,"date":"2020-07-03T19:35:55","date_gmt":"2020-07-03T19:35:55","guid":{"rendered":"http:\/\/bestboxlunchchicago.com\/blog\/?p=395"},"modified":"2020-07-03T05:44:12","modified_gmt":"2020-07-03T05:44:12","slug":"rencontre-jeunesse-veveyse-2011","status":"publish","type":"post","link":"https:\/\/bestboxlunchchicago.com\/blog\/2020\/07\/03\/rencontre-jeunesse-veveyse-2011\/","title":{"rendered":"Rencontre Jeunesse Veveyse 2011"},"content":{"rendered":"<p>Le chef-lieu gru\u00e9rien encourage ses citoyens \u00e0 partager ensemble un moment, tout en restant chez eux. Au tour des ind\u00e9pendants et des jeunes entreprises de recevoir de laide \u00e9tatique. <img decoding=\"async\" src=\"http:\/\/www.bemyangel.ch\/images\/events\/campusfever010.gif\" alt=\"rencontre jeunesse veveyse 2011\" align=\"center\"> : Jacob de Haan : Les orchestres \u00e0 vent jouent un r\u00f4le primordial dans la formation musicale Lid\u00e9e est que cela serve \u00e0 refaire tourner l\u00e9conomie fribourgeoise qui souffre d\u00e9j\u00e0 \u00e0 cause de la pand\u00e9mie. La proposition a \u00e9t\u00e9 d\u00e9pos\u00e9 le vendredi 24 avril par les dix d\u00e9put\u00e9s, reste \u00e0 savoir ce que va d\u00e9cider le Conseil dEtat. Financi\u00e8rement, cela valait tout de m\u00eame la peine douvrir, m\u00eame si le mois de mai sera d\u00e9ficitaire, selon Daniel Rebetez responsable des salles de Givisiez, Villeneuve, Echandens et Fribourg. A ce jour, plusieurs soci\u00e9t\u00e9s de jeunesse ont organis\u00e9 le Giron du Centre soit :  L\u00e9v\u00eaque Charles Morerod invite les paroissiens \u00e0 faire des dons de biens de 1\u00e8re n\u00e9cessit\u00e9 en ces temps de crise. Cest important dattendre que la motivation vienne de lenfant, parce que les petits apprennent et retiennent beaucoup mieux quand ils ont envie, quand ils ont de lint\u00e9r\u00eat, souligne Audrey Struss, lune des deux futures enseignantes. <img decoding=\"async\" src=\"http:\/\/www.hairmeeytwardrobe.gq\/12079-home_default\/frise-murale-azulejos.jpg\" alt=\"rencontre jeunesse veveyse 2011\" align=\"right\"> <img decoding=\"async\" src=\"http:\/\/cms.intersport.fr\/wp-content\/uploads\/2016\/08\/3_img_intersport_recrute.png\" alt=\"rencontre jeunesse veveyse 2011\" align=\"right\"> La crise a fait \u00e9merger une cat\u00e9gorie de population nouvellement pr\u00e9caris\u00e9e. Population qui rechigne souvent \u00e0 avoir recours \u00e0 laide sociale et se tourne plus volontiers vers les r\u00e9seaux daide existants. Le Conseil f\u00e9d\u00e9ral a pr\u00e9sent\u00e9 sa strat\u00e9gie de sortie de crise en 3 \u00e9tapes. La manifestation dEstavayer-le-Lac naura pas lieu cet \u00e9t\u00e9. Le Bad Bonn Kilbi non plus. \u03a0\u03c9\u03c2 \u03b5\u03b9\u03bd\u03b1\u03b9 \u03bf \u03b1\u03b5\u03c1\u03b1\u03c2 \u03c3\u03c4\u03b1 \u03b1\u03b3\u03b3\u03bb\u03b9\u03ba\u03b1 \u03bc\u03b5\u03c3\u03c3\u03b7\u03bd\u03b9\u03b1\u03ba\u03b7 \u03bc\u03b1\u03bd\u03b7 \u03c0\u03b1\u03c1\u03b1\u03bb\u03b9\u03b5\u03c2 32 \u03bf\u03c3\u03bf \u03c0\u03b5\u03c1\u03bd\u03b1\u03b5\u03b9 \u03bf \u03ba\u03b1\u03b9\u03c1\u03bf\u03c2 \u03be\u03c5\u03c0\u03bd\u03b7\u03c4\u03b7\u03c1\u03b9 c \u03b1\u03b3\u03b9\u03bf\u03c2 \u03b3\u03b5\u03c9\u03c1\u03b3\u03b9\u03bf\u03c2 \u03c0\u03b1\u03c0\u03b1\u03b3\u03bf\u03c5 \u03c9\u03c1\u03b1 \u03c4\u03b5\u03bb\u03b9\u03ba\u03bf\u03c5 \u03b5\u03c5\u03c1\u03c9\u03bb\u03b9\u03b3\u03ba\u03b1\u03c3 \u03b4\u03b9\u03b4\u03c5\u03bc\u03b1 \u03c6\u03b5\u03b3\u03b3\u03b1\u03c1\u03b9\u03b1 \u03c4\u03b5\u03bb\u03bf\u03c2 \u03b2\u03b9\u03b2\u03bb\u03b9\u03bf\u03c5 21 \u03b4\u03b9\u03b1\u03c6\u03bf\u03c1\u03b5\u03c2 \u03c6\u03c9\u03c4\u03bf\u03b3\u03c1\u03b1\u03c6\u03b9\u03b5\u03c2 \u03b1\u03b3\u03b1\u03c0\u03b7\u03c2 c \u03c5\u03c0\u03bf\u03c5\u03c1\u03b3\u03b5\u03af\u03bf \u03c5\u03b3\u03b5\u03af\u03b1\u03c2 \u03c4\u03b7\u03bb\u03b5\u03c6\u03c9\u03bd\u03b9\u03ba\u03cc\u03c2 \u03ba\u03b1\u03c4\u03ac\u03bb\u03bf\u03b3\u03bf\u03c2 \u039c\u03b5 \u03b1\u03c6\u03bf\u03c1\u03bc\u03ae \u03c4\u03bf \u03ad\u03c1\u03b3\u03bf \u03c4\u03b7\u03c2 OCEANO, \u03b7 \u03c6\u03c9\u03c4\u03bf\u03b3\u03c1\u03ac\u03c6\u03bf\u03c2 \u039c\u03b1\u03c1\u03af\u03b1 \u039c\u03c0\u03bf\u03c5\u03c1\u03bc\u03c0\u03bf\u03cd \u03b8\u03b1 \u03b2\u03c1\u03af\u03c3\u03ba\u03b5\u03c4\u03b1\u03b9 \u03c4\u03b7\u03bd \u03a4\u03c1\u03af\u03c4\u03b7 19 \u0399\u03bf\u03c5\u03bd\u03af\u03bf\u03c5 \u03c3\u03c4\u03bf \u03c3\u03c4\u03b1\u03b8\u03bc\u03cc \u03c4\u03bf\u03c5 \u039c\u03b5\u03c4\u03c1\u03cc..  La d\u00e9cision fait suite \u00e0 la prolongation de linterdiction des rassemblements de plus de 1000 personnes jusqu\u00e0 fin ao\u00fbt. Organisation dun rallye, \u00e9v\u00e9nement qui se reproduira \u00e0 de nombreuses reprises dans toutes les cabanes du sud fribourgeois et dailleurs. Th\u00e9\u00e2tre : Les mains li\u00e9sA noter que le th\u00e9\u00e2tre ne se composait pas seulement de r\u00e9p\u00e9titions et de repr\u00e9sentations. Il y avait aussi apr\u00e8s ces derni\u00e8res de fameux caf\u00e9s noirs dans les cuisines les plus r\u00e9put\u00e9es de la r\u00e9gion comme celle de la Cran. Comme tout \u00e9tait pr\u00e9vu \u00e0 lavance, les participants avaient droit \u00e0 dexcellentes tourtes et autres g\u00e2teries certaines sen rappellent encore tellement c\u00e9tait bon!  Aujourdhui, la RJ est \u00e0 l\u00e9troit \u00e0 Bulle et des projets dagrandissement sont \u00e0 l\u00e9tude. La RJ est organis\u00e9e par une \u00e9quipe damies qui sont toustes engag\u00e9ses dans diff\u00e9rentes \u00e9glises locales de Suisse romande. Elle accueille des jeunes de plus de 10 f\u00e9d\u00e9rations d\u00e9glises diff\u00e9rentes. Le public devra patienter plus longtemps que les \u00e9coles et sports d\u00e9lite. A RadioFr. Nous sommes confront\u00e9s \u00e0 un paradoxe : dun c\u00f4t\u00e9 nous devons poursuivre notre mission de service public et assurer une continuit\u00e9 de la diffusion des actualit\u00e9s 7 jours sur 7. De lautre, nous devons aussi r especter les consignes de s\u00e9curit\u00e9 prononc\u00e9es par lOFSP et prot\u00e9ger nos collaborateurs-trices. Un m\u00e9decin cantonal doit donc \u00eatre recrut\u00e9, ainsi que son adjoint. Selon la directrice de la sant\u00e9 et des affaires sociales, trois personnes ont d\u00e9j\u00e0 d\u00e9pos\u00e9 leur candidature de mani\u00e8re spontan\u00e9e. Toutes sont des hommes. Mais Anne-Claude Demierre insiste : les candidatures f\u00e9minines ne seront pas \u00e9cart\u00e9es. Les employ\u00e9s ont \u00e9voqu\u00e9 des horaires irr\u00e9guliers, du travail de nuit ou de week-end, qui leur ont \u00e9t\u00e9 impos\u00e9s et qui le sont encore malgr\u00e9 la fin de la crise aigu\u00eb du coronavirus. On na pas sign\u00e9 pour \u00e7a, ont d\u00e9plor\u00e9 plusieurs salari\u00e9s.<\/p>\n","protected":false},"excerpt":{"rendered":"<p>rencontre jeunesse veveyse 2011<\/p>\n","protected":false},"author":1,"featured_media":0,"comment_status":"closed","ping_status":"closed","sticky":false,"template":"","format":"standard","meta":{"footnotes":""},"categories":[1],"tags":[],"_links":{"self":[{"href":"https:\/\/bestboxlunchchicago.com\/blog\/wp-json\/wp\/v2\/posts\/395"}],"collection":[{"href":"https:\/\/bestboxlunchchicago.com\/blog\/wp-json\/wp\/v2\/posts"}],"about":[{"href":"https:\/\/bestboxlunchchicago.com\/blog\/wp-json\/wp\/v2\/types\/post"}],"author":[{"embeddable":true,"href":"https:\/\/bestboxlunchchicago.com\/blog\/wp-json\/wp\/v2\/users\/1"}],"replies":[{"embeddable":true,"href":"https:\/\/bestboxlunchchicago.com\/blog\/wp-json\/wp\/v2\/comments?post=395"}],"version-history":[{"count":1,"href":"https:\/\/bestboxlunchchicago.com\/blog\/wp-json\/wp\/v2\/posts\/395\/revisions"}],"predecessor-version":[{"id":396,"href":"https:\/\/bestboxlunchchicago.com\/blog\/wp-json\/wp\/v2\/posts\/395\/revisions\/396"}],"wp:attachment":[{"href":"https:\/\/bestboxlunchchicago.com\/blog\/wp-json\/wp\/v2\/media?parent=395"}],"wp:term":[{"taxonomy":"category","embeddable":true,"href":"https:\/\/bestboxlunchchicago.com\/blog\/wp-json\/wp\/v2\/categories?post=395"},{"taxonomy":"post_tag","embeddable":true,"href":"https:\/\/bestboxlunchchicago.com\/blog\/wp-json\/wp\/v2\/tags?post=395"}],"curies":[{"name":"wp","href":"https:\/\/api.w.org\/{rel}","templated":true}]}}