{"id":481,"date":"2020-07-03T19:21:04","date_gmt":"2020-07-03T19:21:04","guid":{"rendered":"http:\/\/bestboxlunchchicago.com\/blog\/?p=481"},"modified":"2020-07-03T05:49:36","modified_gmt":"2020-07-03T05:49:36","slug":"rencontres-internationales-textile-mode","status":"publish","type":"post","link":"https:\/\/bestboxlunchchicago.com\/blog\/2020\/07\/03\/rencontres-internationales-textile-mode\/","title":{"rendered":"Rencontres Internationales Textile Mode"},"content":{"rendered":"<p>Designers. Since 1997, Didier Grumbach has been president of the Association Villa Noailles, location for the Festival de la Mode et de la Photographie in  Laure H\u00e9riard-Dubreuil-Fondatrice et directrice, The Webster, Miami En attendant, nous mettons en place toutes les conditions daccueil pour garantir votre s\u00e9curit\u00e9 : respect de la distanciation r\u00e9glementaire, le port du masque pour les conseillers en s\u00e9jour nos visiteurs et gel hydro-alcoolique \u00e0 votre disposition. This variety of activities, together with the diversity of existing fibres and combinations of fibres, the handling requirements of each of them and the constant change.. <img decoding=\"async\" src=\"http:\/\/media.fashiongroup.com\/m\/2eed\/281f\/0916\/e26b\/5c64\/73a1\/b368\/b1f5\/eab0\/87ab\/400x250\/87ab.png\" alt=\"rencontres internationales textile mode\" align=\"center\"> Les \u00e9l\u00e8ves ont r\u00e9alis\u00e9 un film pour pr\u00e9senter leur m\u00e9tier, avec laide de leurs enseignants. Avec Internet, il ne s\u00e9coule que quelques heures avant que les cr\u00e9ations s\u00e9talent \u00e0 la vue du monde entier. Les jeunes cr\u00e9ateurs ne sen sortent pas. Il sagit de revenir \u00e0 un calendrier plus raisonnable, avec un syst\u00e8me permettant de pr\u00e9senter les cr\u00e9ations au moment o\u00f9 on les vend. Tout est \u00e0 inventer, notamment autour de nouveaux mod\u00e8les mieux r\u00e9gul\u00e9s sur internet. La table ronde \u00e9tait mod\u00e9r\u00e9e par Laurent Raoul Institut Fran\u00e7ais de la Mode, avec Roberto Br\u00e9 Directeur de la division Habillement et Accessoires, Mantero Seta S.p.A, Didier Grumbach Pr\u00e9sident de la F\u00e9d\u00e9ration fran\u00e7aise de la Couture, Steven Kolb D\u00e9l\u00e9gu\u00e9 g\u00e9n\u00e9ral du Council of Fashion Designers of America et Philippe Pasquet Pr\u00e9sident de Premi\u00e8re Vision. En poursuivant votre navigation, vous acceptez le d\u00e9p\u00f4t de cookies tiers destin\u00e9s \u00e0 vous proposer des vid\u00e9os, des boutons de partage, des remont\u00e9es de contenus de plateformes sociales <img decoding=\"async\" src=\"http:\/\/www.level.pacmo.net\/blogist\/public\/1617\/Pastorale\/sacrements\/._DSC9561_m.jpg\" alt=\"rencontres internationales textile mode\" align=\"right\">  <img decoding=\"async\" src=\"http:\/\/dollyjessy.com\/wp-content\/uploads\/2018\/03\/Blog_mode_paris_look_printemps_shooting_DDP_Dollyjessy_Tenue_pantalon_noir_chemise_blanche_V6.jpg\" alt=\"rencontres internationales textile mode\" align=\"center\">&#8212;&#8212;&#8212;&#8212;&#8212;&#8212;&#8212;&#8212;&#8212;&#8212;&#8212;&#8212;&#8212;&#8212;&#8212;&#8212;&#8212;&#8212;&#8212;&#8212;&#8212;&#8212;&#8212;&#8212;&#8212;&#8212;-NOS PROCHAINS RENDEZ-VOUS En 2017, lAFD a particip\u00e9 au Sommet du design de Montr\u00e9al. En 2019, le Sommet aura lieu au Palais des Congr\u00e8s de Paris du 20 au 22 f\u00e9vrier, autour de larchitecture, de la gestion du design, du design dexp\u00e9rience, graphique, dinteraction, industriel, de mode textile, dint\u00e9rieur, de service, de logiciel, de larchitecture de paysage et de lurbanisme. En tant que partenaire, lAFD permet \u00e0 ses membres Actifs et Associ\u00e9s dacc\u00e9der et dexposer au Sommet \u00e0 des tarifs tr\u00e8s avantageux. Cette prochaine \u00e9dition sera co-construite par les \u00e9quipes de la F\u00e9d\u00e9ration Fran\u00e7aise du Pr\u00eat \u00e0 Porter F\u00e9minin et de WSN D\u00e9veloppement, lorganisateur des \u00e9v\u00e9nements Whos Next, Premi\u00e8re Classe et Impact. Prises de vue par Jade de Lavareille, mannequin lors du d\u00e9fil\u00e9 \u00e0 S\u00e9oul 10h30 D\u00e9part navette villa Noailles vers Centre dArt Le Moulin de la Valette, Exposition Ludivine Caillard, Distorsion Park Retour 11h30 vers la villa Noailles. \u00c0 vous passer des pratiques de dumping, gr\u00e2ce \u00e0 la n\u00e9gociation et largumentation;  LAFD a con\u00e7u une nouvelle formation essentielle pour les designers en activit\u00e9 qui souhaitent optimiser leur activit\u00e9 et gagner en comp\u00e9titivit\u00e9 gr\u00e2ce aux possibilit\u00e9s quoffrent les diff\u00e9rents statuts sociaux et fiscaux, ceci quel que soit le statut salari\u00e9 souhaitant devenir ind\u00e9pendant, free-lance, profession lib\u00e9rale, entrepreneur et quelle que soit la discipline espace, graphique, produit, textile, web. Op\u00e9r\u00e9e par et dispens\u00e9e \u00e0 Paris en une journ\u00e9e, cette formation est \u00e9ligible aux fonds de financements de la formation professionnelle continue. Tarifs pr\u00e9f\u00e9rentiels pour les membres AFD. Prochaines dates : le 6 avril ou le 18 septembre 2018. A noter encore une exposition Goosens, le premier joailler de Gabrielle Chanel. INFORMATION CORONAVIRUS : ModArt sest organis\u00e9e afin de faire face \u00e0 cette crise in\u00e9dite et a fait \u00e9voluer sa proc\u00e9dure dadmission. Higher National Diploma HND en Design de mode textile Iluminage Beauty, qui r\u00e9unit Unilever et Syneron Medical, est arriv\u00e9 \u00e9galement sur le march\u00e9 avec une taie doreiller dont les fibres sont con\u00e7ues sur la base de la technologie des oxydes de cuivre de la soci\u00e9t\u00e9 Cupron. Le produit promet de r\u00e9duire lapparence des rides et de lisser la peau en quatre semaines. Iluminage propose aussi un Masque rajeunissant pour les yeux avec la m\u00eame technologie. Organis\u00e9 par l\u00c9cole sup\u00e9rieure dart et de design dOrl\u00e9ans, ce colloque international constitue l\u00e9v\u00e9nement inaugural des activit\u00e9s de lUnit\u00e9 de recherche \u00c9COLAB labellis\u00e9e par le Minist\u00e8re de la Culture sp\u00e9cialis\u00e9e dans l\u00e9tude et lexp\u00e9-rimentation des questions \u00e9cologiques et num\u00e9riques dans le domaine du design. Les 9 et 10 novembre au. Textiles gallo-romains en laine des Martres-de-Veyre, \u00e0 para\u00eetre en 2018 dans ATELIER Association Textile Europ\u00e9enne de Liaison, d\u00c9change et de Recherche en collaboration avec M. B\u00e8che-Wittmann, C. Bouilloc et C. Gaumat Vous souhaitez recevoir des infos sur lAtelier de S\u00e8vres? Laissez-nous vos coordonn\u00e9es! et lecture de portfolios-salles vo\u00fbt\u00e9es, villa Noailles.<\/p>\n","protected":false},"excerpt":{"rendered":"<p>rencontres internationales textile mode<\/p>\n","protected":false},"author":1,"featured_media":0,"comment_status":"closed","ping_status":"closed","sticky":false,"template":"","format":"standard","meta":{"footnotes":""},"categories":[1],"tags":[],"_links":{"self":[{"href":"https:\/\/bestboxlunchchicago.com\/blog\/wp-json\/wp\/v2\/posts\/481"}],"collection":[{"href":"https:\/\/bestboxlunchchicago.com\/blog\/wp-json\/wp\/v2\/posts"}],"about":[{"href":"https:\/\/bestboxlunchchicago.com\/blog\/wp-json\/wp\/v2\/types\/post"}],"author":[{"embeddable":true,"href":"https:\/\/bestboxlunchchicago.com\/blog\/wp-json\/wp\/v2\/users\/1"}],"replies":[{"embeddable":true,"href":"https:\/\/bestboxlunchchicago.com\/blog\/wp-json\/wp\/v2\/comments?post=481"}],"version-history":[{"count":1,"href":"https:\/\/bestboxlunchchicago.com\/blog\/wp-json\/wp\/v2\/posts\/481\/revisions"}],"predecessor-version":[{"id":482,"href":"https:\/\/bestboxlunchchicago.com\/blog\/wp-json\/wp\/v2\/posts\/481\/revisions\/482"}],"wp:attachment":[{"href":"https:\/\/bestboxlunchchicago.com\/blog\/wp-json\/wp\/v2\/media?parent=481"}],"wp:term":[{"taxonomy":"category","embeddable":true,"href":"https:\/\/bestboxlunchchicago.com\/blog\/wp-json\/wp\/v2\/categories?post=481"},{"taxonomy":"post_tag","embeddable":true,"href":"https:\/\/bestboxlunchchicago.com\/blog\/wp-json\/wp\/v2\/tags?post=481"}],"curies":[{"name":"wp","href":"https:\/\/api.w.org\/{rel}","templated":true}]}}