{"id":652,"date":"2020-07-04T04:45:56","date_gmt":"2020-07-04T04:45:56","guid":{"rendered":"http:\/\/bestboxlunchchicago.com\/blog\/?p=652"},"modified":"2020-07-03T05:57:52","modified_gmt":"2020-07-03T05:57:52","slug":"zemmour-dieudonne-et-christine-tasin-se-rencontre-2011","status":"publish","type":"post","link":"https:\/\/bestboxlunchchicago.com\/blog\/2020\/07\/04\/zemmour-dieudonne-et-christine-tasin-se-rencontre-2011\/","title":{"rendered":"Zemmour Dieudonn\u00e9 Et Christine Tasin Se Rencontre 2011"},"content":{"rendered":"<p>Le saccage de l\u00e9glise Sainte Odile \u00e0 Paris est \u00e0 mon avis beaucoup plus grave quun geste dont linterpr\u00e9tation officielle nous est donn\u00e9e par des autorit\u00e9s morales autoproclam\u00e9es.  <img decoding=\"async\" src=\"http:\/\/ijwiryarubanda.com\/files\/2014\/01\/mupenzi-jean-de-la-paix-1b.jpg\" alt=\"zemmour dieudonn\u00e9 et christine tasin se rencontre 2011\" align=\"left\"> La quenelle? inculte que je suis! Moi qui croyais que la quenelle n\u00e9tait que ce plat d\u00e9licieux cuisin\u00e9 du c\u00f4t\u00e9 de Lyon. Eh bien, non! cest aussi, aux derni\u00e8res nouvelles, un geste antis\u00e9mite symbolis\u00e9 par une main pos\u00e9e \u00e0 hauteur de l\u00e9paule sur le bras oppos\u00e9, lequel est orient\u00e9 vers le bas. Ce serait un salut hitl\u00e9rien invers\u00e9! Quatri\u00e8mement, essayez m\u00eame dassister \u00e0 un de ses spectacles en province, et vous verrez toute sorte de cat\u00e9gorie de population venir juste rigoler un coup sur des sujets tabous, sans violence ni haine.  On le voit ci-contre sur sa photo de profil Facebook aux c\u00f4t\u00e9s dune Marion Mar\u00e9chal Le Pen tout sourire.-lui donner du poids, montrer quil est d\u00e9rangeant et donc lui faire de la publicit\u00e9. Cela se retournerait contre les m\u00e9dias et politiques. <img decoding=\"async\" src=\"http:\/\/www.mapfaan.cf\/wp-content\/uploads\/2018\/03\/000_ML0J4-360x240.jpg\" alt=\"zemmour dieudonn\u00e9 et christine tasin se rencontre 2011\" align=\"left\"> Ils ne sattendaient pas \u00e0 ce que le gamin de 15 ans survive et raconte lhistoire. Celui-ci a indiqu\u00e9 avoir fait semblant d\u00eatre mort pour sauver sa vie et que son t\u00e9moignage \u00e9tait crucial pour que les policiers soient poursuivis en justice. Et pour le reste, bien plus encombrant pour les politiques de tout bord, laissons Dieudonn\u00e9 dire les quatre v\u00e9rit\u00e9s, m\u00eame si elles d\u00e9rangent terriblement. Il ma fallu intervenir aupr\u00e8s du Parti Congolais du travail qui \u00e9tait au pouvoir \u00e0 l\u00e9poque afin de faire avancer le chantier&#8230; Bon je nai jamais tir\u00e9 la conclusion que les congolais \u00e9taient des f\u00e9n\u00e9ants. Le responsable du parti \u00e0 Pointe-noire ma donn\u00e9 raison et feu vert pour faire fonctionner le chantier quitte \u00e0 virer ceux qui \u00e9taient de mauvaise volont\u00e9. Jai re\u00e7u \u00e9galement le soutient de ma Direction vu les enjeux \u00e9conomiques de ce chantier.. La position de Basse-Goulaine, \u00e0 proximit\u00e9 de Nantes et jouissant du cadre de vie agr\u00e9able du vignoble et des bords de Loire, constitue un fort attrait pour les familles. Cons\u00e9quences graves. Lintervention des services sociaux et surtout du juge des enfants En loccurrence, le d\u00e9bat qui est en cause tournait d\u00e9j\u00e0 sur la question de limmigration dans certains quartiers, sa remarque \u00e9tait li\u00e9e au d\u00e9bat. Mais on veut lui faire dire quil a g\u00e9n\u00e9ralis\u00e9, ce nest pas le cas. Il na pas dit: ils sont arabes et noir DONC ils sont trafiquants, mais: La plupart des trafiquants dans ces quartiers, donc sont noirs ou arabes. <img decoding=\"async\" src=\"http:\/\/hommelibre.blog.tdg.ch\/media\/01\/00\/613631481.jpg\" alt=\"zemmour dieudonn\u00e9 et christine tasin se rencontre 2011\" align=\"right\">  Nous oublions qui nous sommes! Notre histoire a toujours \u00e9t\u00e9 marqu\u00e9e par un mouvement migratoire de lAfrique Subsaharienne et du Moyen-Orient, rappelle-t-il. Je ne per\u00e7ois pas Marine Le Pen comme \u00e9tant brune au sens o\u00f9 vous lentendez et encore moins comme une antis\u00e9mite. Elle est la chef dun parti national et populiste. Et pourtant je ne suis ni au Front, ni \u00e0 Riposte La\u00efque. Cette agression sinscrit dans un contexte de hausse de lantis\u00e9mitisme en France. Selon le service de protection de la communaut\u00e9 juive, qui sappuie sur les donn\u00e9es collect\u00e9es par le minist\u00e8re de lInt\u00e9rieur, le nombre dactes antis\u00e9mites a augment\u00e9 de 91 au cours des sept premiers mois. Entre janvier et septembre, 527 actes ont \u00e9t\u00e9 enregistr\u00e9s. Contre 423 pour toute lann\u00e9e 2013. Cause notamment de cette augmentation: linterdiction des spectacles de Dieudonn\u00e9 et la manifestation Jour de col\u00e8re. Ainsi, pour le seul mois de janvier, 85 actes antis\u00e9mites ont \u00e9t\u00e9 recens\u00e9s. Soit plus que tout au long de lann\u00e9e 1999 82 actes. Un deuxi\u00e8me pic de violence a \u00e9t\u00e9 enregistr\u00e9 cet \u00e9t\u00e9, au moment du conflit isra\u00e9lo-palestinien. Il y a une corr\u00e9lation directe entre le contexte international et lantis\u00e9mitisme, assure Laurent Mucchielli, sociologue au CNRS. Depuis la 2e Intifada, chaque fois que le conflit reprend, on observe des r\u00e9percussions imm\u00e9diates sur les chiffres de lantis\u00e9mitisme. Servir pour mieux diriger : lire, apprendre, travailler, r\u00e9ussir.<\/p>\n","protected":false},"excerpt":{"rendered":"<p>zemmour dieudonn\u00e9 et christine tasin se rencontre 2011<\/p>\n","protected":false},"author":1,"featured_media":0,"comment_status":"closed","ping_status":"closed","sticky":false,"template":"","format":"standard","meta":{"footnotes":""},"categories":[1],"tags":[],"_links":{"self":[{"href":"https:\/\/bestboxlunchchicago.com\/blog\/wp-json\/wp\/v2\/posts\/652"}],"collection":[{"href":"https:\/\/bestboxlunchchicago.com\/blog\/wp-json\/wp\/v2\/posts"}],"about":[{"href":"https:\/\/bestboxlunchchicago.com\/blog\/wp-json\/wp\/v2\/types\/post"}],"author":[{"embeddable":true,"href":"https:\/\/bestboxlunchchicago.com\/blog\/wp-json\/wp\/v2\/users\/1"}],"replies":[{"embeddable":true,"href":"https:\/\/bestboxlunchchicago.com\/blog\/wp-json\/wp\/v2\/comments?post=652"}],"version-history":[{"count":1,"href":"https:\/\/bestboxlunchchicago.com\/blog\/wp-json\/wp\/v2\/posts\/652\/revisions"}],"predecessor-version":[{"id":654,"href":"https:\/\/bestboxlunchchicago.com\/blog\/wp-json\/wp\/v2\/posts\/652\/revisions\/654"}],"wp:attachment":[{"href":"https:\/\/bestboxlunchchicago.com\/blog\/wp-json\/wp\/v2\/media?parent=652"}],"wp:term":[{"taxonomy":"category","embeddable":true,"href":"https:\/\/bestboxlunchchicago.com\/blog\/wp-json\/wp\/v2\/categories?post=652"},{"taxonomy":"post_tag","embeddable":true,"href":"https:\/\/bestboxlunchchicago.com\/blog\/wp-json\/wp\/v2\/tags?post=652"}],"curies":[{"name":"wp","href":"https:\/\/api.w.org\/{rel}","templated":true}]}}