{"id":755,"date":"2020-07-04T08:44:14","date_gmt":"2020-07-04T08:44:14","guid":{"rendered":"http:\/\/bestboxlunchchicago.com\/blog\/?p=755"},"modified":"2020-07-03T06:03:55","modified_gmt":"2020-07-03T06:03:55","slug":"rencontre-ecole-de-la-grh","status":"publish","type":"post","link":"https:\/\/bestboxlunchchicago.com\/blog\/2020\/07\/04\/rencontre-ecole-de-la-grh\/","title":{"rendered":"Rencontre Ecole De La Grh"},"content":{"rendered":"<p> 79Un sympt\u00f4me de cette absence didentit\u00e9 professionnelle pourrait \u00eatre trouv\u00e9 dans linexistence dassociations professionnelles, un des crit\u00e8res de lexistence dune profession pour la sociologie des professions. Rien de ce genre nest d\u00e9celable dans la r\u00e9alit\u00e9 administrative fran\u00e7aise. Une association des responsables de formation a exist\u00e9 dans les ann\u00e9es 90, sous le joli nom de REFORM, et a disparu quand ses membres ont \u00e9t\u00e9 appel\u00e9s, tout naturellement, \u00e0 accepter dautres fonctions pour poursuivre leur carri\u00e8re. Linsertion dans la vie professionnelle est le d\u00e9bouch\u00e9 naturel de la formation. Avant la licence, jai fait 2 ans de Droit \u00e0 lUniversit\u00e9 Paris 2 Panth\u00e9on-ASSAS pour valider ma L1, puis je me suis r\u00e9orient\u00e9 en DUT GEA option RH. Jai \u00e9galement eu une exp\u00e9rience de 8 mois dont 6 daffil\u00e9s dans la\u00e9ronautique, dans la production de connecteurs pour laviation, larm\u00e9e, etc. Jai \u00e9galement fait de lint\u00e9rim dans la logistique. Et enfin, assistant recrutement dans un cabinet ind\u00e9pendant avant de venir en Licence. L\u00e9valuation globale du dispositif se fondera sur des indicateurs dactivit\u00e9 et dimpact d\u00e9finis au niveau national et nourrira les dialogues strat\u00e9giques de gestion et de performance annuels avec les acad\u00e9mies, dans la perspective dune d\u00e9marche dam\u00e9lioration en continu. Mutualiser les ressources et les outils daccompagnement Psychosociologie et Psychosociologie appliqu\u00e9e aux organisations, Lexplication du recrutement est quand m\u00eame globale avec d\u00e9finition et acteur mais pourquoi pas un jour consacr\u00e9 un article \u00e0 la vie dun recruteur de cabinet Les divisions sont fond\u00e9s sur le march\u00e9 et contr\u00f4l\u00e9es par le centre administratif, les divisions sont autonomes mais rendent des comptes au sommet strat\u00e9gique. <img decoding=\"async\" src=\"http:\/\/www.dhmagazine.fr\/images\/dh-pub-gauche\/300x300-HP.jpg\" alt=\"rencontre ecole de la grh\" align=\"left\"> Laccident du travailtrajetmaladie professionnelle Cadres sp\u00e9cialistes des ressources humaines et du recrutement, Le choix dune formation en alternance nest pas un hasard! En effet, soucieuse de la sant\u00e9, de la s\u00e9curit\u00e9 et du bien-\u00eatre au travail, je souhaitais int\u00e9grer une formation en alternance qui puisse me permettre de renforcer mes connaissances et dacqu\u00e9rir des comp\u00e9tences en Ressources Humaines tout en approchant les conditions de travail des salari\u00e9s dune entreprise. Prise en charge de la fomation par lOPCO ou lemployeur public 74Jean-Michel Eymeri-Douzans a consacr\u00e9 sa th\u00e8se puis un essai aux \u00c9narques, les gardiens de lEtat. Il rapporte cette anecdote : Comme le remarque un \u00e9l\u00e8ve du 3\u00e8me concours de la promotion Valmy : Je suis \u00e9conomiste, je fais des copies de sp\u00e9cialiste et je me plante.. Et C, il nest sp\u00e9cialiste de rien et vous voyez : il sort dans la botte. Voil\u00e0, cest \u00e7a lENA : il ne faut surtout pas \u00eatre un sp\u00e9cialiste. 5Enfin, en 2005, c\u00e9tait au tour de la Cour des Comptes de confier \u00e0 Dominique Lacambre, ancien directeur des ressources humaines du minist\u00e8re du travail et des affaires sociales, une \u00e9tude portant sur le co\u00fbt et lorganisation de la fonction ressources humaines dans ladministration. On lit dans ce troisi\u00e8me grand rapport : Difficile dans le contexte actuel de gestion statutaire pr\u00e9dominante, indispensable face aux imp\u00e9ratifs de la gestion par programme, possible avec les nouveaux outils en d\u00e9veloppement, la personnalisation de la gestion des ressources humaines peut se d\u00e9velopper avec quelques techniques simples dorganisation. Parce que la gestion statutaire absorbe les services de personnel, le suivi ou l\u00e9laboration conjointe avec les agents de parcours professionnels restent limit\u00e9s. Le rapport Lacambre conclut lui aussi-un de plus-\u00e0 la n\u00e9cessaire professionnalisation de la GRH : La gestion, en partie centrale et en partie d\u00e9concentr\u00e9e, n\u00e9cessitera un plus grand professionnalisme de la RH quil sagisse des gestionnaires eux-m\u00eames, dont la carri\u00e8re devrait \u00eatre revaloris\u00e9e, ou des managers en charge de personnel. Cette professionnalisation devrait en particulier aboutir \u00e0 une personnalisation de la gestion des carri\u00e8res. Cette r\u00e9volution culturelle appelle notamment la formation et le renouvellement de certaines \u00e9quipes. Master RH notamment \u00e0 Aix-Marseille-Universit\u00e9 Universit\u00e9 Paul Val\u00e9ry Montpellier Des partenariats ont \u00e9t\u00e9 nou\u00e9s avec de grandes entreprises telles que Alcatel Lucent, PSA, Orange, Faurecia, Axa <img decoding=\"async\" src=\"http:\/\/www.creawa.com\/wp-content\/uploads\/2009\/01\/chantier-ecole-7e-rencontres-charte-graphique.jpg\" alt=\"rencontre ecole de la grh\" align=\"center\"> <img decoding=\"async\" src=\"http:\/\/www.actioil.com\/userfiles\/images\/legende_seule_09-09-14.jpg\" alt=\"rencontre ecole de la grh\" align=\"center\"> Jeudi 8 d\u00e9cembre, les M2 CD vous invitent \u00e0 briser les fronti\u00e8res \u00e0 travers un Concerto Urbain, associant rap et musique classique, \u00e0 la Maison des Ados, en plein coeur de la ville de Lille. Cadres sp\u00e9cialistes des ressources humaines et du recrutement; cadres sp\u00e9cialistes de la formation; conseil en formation; conseil en organisation et management dentreprise; d\u00e9veloppement des ressources humaines; management des ressources humaines ; Brigitte NIVET Professeure en Management et Gestion des Ressources Humaines  Quelles sont les qualit\u00e9s requises selon vous pour travailler dans les RH? Suite \u00e0 un probl\u00e8me de sant\u00e9, jai d\u00fb arr\u00eater mon m\u00e9tier et me r\u00e9orienter. Apr\u00e8s de nombreuses enqu\u00eates m\u00e9tiers, recherches, contacts avec des professionnels, je me suis orient\u00e9e vers cette Licence. Ayant eu un lien humain avec mes clients, jai souhait\u00e9 garder ce contact tout en \u00e9tant sur une fonction support dans lentreprise. Dur\u00e9e du march\u00e9 ou d\u00e9lai dex\u00e9cution : 2 mois \u00e0 compter de la notification du march\u00e9. Les m\u00e9tiers de lEducation nationale, linformation sur les recrutements et concours, les carri\u00e8res et les informations et services de gestion des ressources humaines. Dans le m\u00e9tier de DRH, ce que jaimais le moins \u00e9tait ladministration du personnel.  Les prestations de protection sociale pour le salari\u00e9.<\/p>\n","protected":false},"excerpt":{"rendered":"<p>rencontre ecole de la grh<\/p>\n","protected":false},"author":1,"featured_media":0,"comment_status":"closed","ping_status":"closed","sticky":false,"template":"","format":"standard","meta":{"footnotes":""},"categories":[1],"tags":[],"_links":{"self":[{"href":"https:\/\/bestboxlunchchicago.com\/blog\/wp-json\/wp\/v2\/posts\/755"}],"collection":[{"href":"https:\/\/bestboxlunchchicago.com\/blog\/wp-json\/wp\/v2\/posts"}],"about":[{"href":"https:\/\/bestboxlunchchicago.com\/blog\/wp-json\/wp\/v2\/types\/post"}],"author":[{"embeddable":true,"href":"https:\/\/bestboxlunchchicago.com\/blog\/wp-json\/wp\/v2\/users\/1"}],"replies":[{"embeddable":true,"href":"https:\/\/bestboxlunchchicago.com\/blog\/wp-json\/wp\/v2\/comments?post=755"}],"version-history":[{"count":1,"href":"https:\/\/bestboxlunchchicago.com\/blog\/wp-json\/wp\/v2\/posts\/755\/revisions"}],"predecessor-version":[{"id":756,"href":"https:\/\/bestboxlunchchicago.com\/blog\/wp-json\/wp\/v2\/posts\/755\/revisions\/756"}],"wp:attachment":[{"href":"https:\/\/bestboxlunchchicago.com\/blog\/wp-json\/wp\/v2\/media?parent=755"}],"wp:term":[{"taxonomy":"category","embeddable":true,"href":"https:\/\/bestboxlunchchicago.com\/blog\/wp-json\/wp\/v2\/categories?post=755"},{"taxonomy":"post_tag","embeddable":true,"href":"https:\/\/bestboxlunchchicago.com\/blog\/wp-json\/wp\/v2\/tags?post=755"}],"curies":[{"name":"wp","href":"https:\/\/api.w.org\/{rel}","templated":true}]}}