{"id":935,"date":"2020-07-04T10:11:23","date_gmt":"2020-07-04T10:11:23","guid":{"rendered":"http:\/\/bestboxlunchchicago.com\/blog\/?p=935"},"modified":"2020-07-03T06:15:04","modified_gmt":"2020-07-03T06:15:04","slug":"rencontre-islamique-au-bourget","status":"publish","type":"post","link":"https:\/\/bestboxlunchchicago.com\/blog\/2020\/07\/04\/rencontre-islamique-au-bourget\/","title":{"rendered":"Rencontre Islamique Au Bourget"},"content":{"rendered":"<p>Recevez du lundi au vendredi \u00e0 12h une s\u00e9lection toute fra\u00eeche \u00e0 lire ou \u00e0 \u00e9couter.  <img decoding=\"async\" src=\"http:\/\/www.pageshalal.fr\/images\/paris_orient_expo_2014.jpg\" alt=\"rencontre islamique au bourget\" align=\"center\"> <img decoding=\"async\" src=\"http:\/\/www.paris-dawah.fr\/wp-content\/uploads\/2011\/12\/Salon.jpg\" alt=\"rencontre islamique au bourget\" align=\"right\"> Le rassemblement annuel de LUOIF a pris fin hier au Bourget Le moins que lon puisse dire est que votre a manqu\u00e9 de compassion et dhumilit\u00e9. Plac\u00e9es en garde \u00e0 vue dans la foul\u00e9e, les jeunes femmes ont \u00e9cop\u00e9 dun rappel \u00e0 la loi. Le mouvement f\u00e9ministe entendait protester contre la venue de pr\u00e9dicateurs int\u00e9gristes lors dun rassemblement visant \u00e0 politiser les musulmans de France sous l\u00e9gide des Fr\u00e8res musulmans une mouvance fondamentaliste dorigine \u00e9gyptienne, que certains observateurs disent proches de lUOIF. Notre but nest pas dinterdire ce salon mais plut\u00f4t de d\u00e9noncer une op\u00e9ration s\u00e9duction derri\u00e8re laquelle se cache un coup de force des Fr\u00e8res musulmans, d\u00e9veloppe Katia, porte-parole des Femen. Outre Tariq Ramadan, Katia \u00e9voque par exemple la pr\u00e9sence dOmar Abdelkafy ou dAhmed Jaballah, selon elle des pr\u00eacheurs de haine. Dans lespace foire musulmane, diff\u00e9rents stands vendent toute sortes de produits, comme des g\u00e2teaux, des robes orientales et des livres. Il y avait aussi pas mal dassociations. R\u00e9\u00e9couter Soignants apr\u00e8s la temp\u00eate \u00e9couter 28 min 28 min Des valeurs universelles qui nous sont enseign\u00e9es par Le Tr\u00e8s-Haut Lui-m\u00eame, et r\u00e9v\u00e9l\u00e9 \u00e0 Son Messager et Proph\u00e8te, \u00e0 lui le salut et la paix, ainsi quaux Hommes de lUnivers. En robe longue noire brod\u00e9e, bandeau en l\u00e9opard rose assorti \u00e0 une veste courte, Ayada Benali, 22 ans, est venue d\u00e8s le premier jour pour trouver des abayas, des robes venues de Duba\u00ef: chic et \u00e9l\u00e9gant, tout ce que jaime! Ce rendez-vous, il ne faut pas le rater. Tout ce quon trouve ici, on ne le trouve pas ailleurs, assure cette jeune femme \u00e9l\u00e9gante, aux longs cils \u00e9b\u00e8ne. Pour r\u00e9server vos places veuillez contacter le fr\u00e8re Omar: 06-63-58-74-97 ou le fr\u00e8re Hassen 06-58-80-40-76 Lanc\u00e9 en janvier 2002, Religioscope est un site ind\u00e9pendant qui propose des informations et des analyses sur les religions dans le monde contemporain. Islam: Bernard Godard d\u00e9taille l\u00e9chec de lEtat et des institutions musulmanes Mediapart Des \u00e9tals dart c\u00f4toient des espaces destin\u00e9s aux femmes, \u00e0 la gymnastique par exemple, ou m\u00eame aux sous-v\u00eatements haut de gamme Victorias secret. Toutes les femmes pr\u00e9sentes ne portent pas le voile islamique. Le go\u00fbt de la v\u00e9rit\u00e9 nemp\u00eache pas de prendre parti D\u00e9couvrez nos offres 100 num\u00e9rique \u00e0 partir de 1 le premier mois Ils sont en attente dune date ult\u00e9rieure plus tard dans la saison avec le Parc expo du Bourget. Nous vous tiendrons inform\u00e9s d\u00e8s que possible. Durant ces quatre jours, nous tenons un stand pour pr\u00e9senter la Facult\u00e9, HALL num\u00e9ro 05 nomm\u00e9 GENERAction voir plan Ci-bas, juste apr\u00e8s les caisses unique cette ann\u00e9e, acc\u00e8s visiteurs. <img decoding=\"async\" src=\"http:\/\/www.pageshalal.fr\/images\/aiofrencontre_mensuelle_mois_decembre_2014.jpg\" alt=\"rencontre islamique au bourget\" align=\"left\"> Activer JavaScript dans votre navigateur pour acc\u00e9der \u00e0 linscription sur notre site Depuis maintenant trente ans, lUOIF organise un rassemblement devenu incontournable pour la communaut\u00e9 musulmane : La Rencontre Annuelle des Musulmans de France RAMF. Le rassemblement annuel de LUOIF a pris fin hier au Bourget  Les d\u00e9bats mettront en pr\u00e9sence des sensibilit\u00e9s tr\u00e8s diverses, du r\u00e9formateur et lib\u00e9ral Ghaleb Bencheikh \u00e0 dont la conf\u00e9rence, samedi,. Ce dernier, qui r\u00e9unit chaque ann\u00e9e une forte audience lors de ses conf\u00e9rences, devait sexprimer sur le voile, dessous dune obsession fran\u00e7aise. Le pr\u00e9fet d\u00e9l\u00e9gu\u00e9 \u00e0 lEgalit\u00e9 des chances, Didier Leschi, vient pour sa part parler de la la\u00efcit\u00e9, socle de la paix et de la coh\u00e9sion sociale. Dans son op\u00e9ration s\u00e9duction, lUOIF a \u00e9galement donn\u00e9 un temps de parole \u00e0 des voix tr\u00e8s critiques sur linfluence fr\u00e9riste, comme le politologue Haoues Seniguer.  Cest donc avec \u00e9motion et tristesse que nous nous sommes r\u00e9solus \u00e0 reporter ce rendez-vous incontournable pour des centaines de milliers de personnes qui nous honorent par leur participation fid\u00e8le. Cette d\u00e9cision exceptionnelle et in\u00e9dite est li\u00e9e \u00e0 la pr\u00e9occupation g\u00e9n\u00e9rale que nous vivons face \u00e0 un virus dont la diffusion est favoris\u00e9e par les contacts humains rapproch\u00e9s. Archivez vos contenus favoris pour les lire ult\u00e9rieurement Pour associer votre compte PassMedia avec votre compte Europe 1 en toute s\u00e9curit\u00e9, validez votre email :.<\/p>\n","protected":false},"excerpt":{"rendered":"<p>rencontre islamique au bourget<\/p>\n","protected":false},"author":1,"featured_media":0,"comment_status":"closed","ping_status":"closed","sticky":false,"template":"","format":"standard","meta":{"footnotes":""},"categories":[1],"tags":[],"_links":{"self":[{"href":"https:\/\/bestboxlunchchicago.com\/blog\/wp-json\/wp\/v2\/posts\/935"}],"collection":[{"href":"https:\/\/bestboxlunchchicago.com\/blog\/wp-json\/wp\/v2\/posts"}],"about":[{"href":"https:\/\/bestboxlunchchicago.com\/blog\/wp-json\/wp\/v2\/types\/post"}],"author":[{"embeddable":true,"href":"https:\/\/bestboxlunchchicago.com\/blog\/wp-json\/wp\/v2\/users\/1"}],"replies":[{"embeddable":true,"href":"https:\/\/bestboxlunchchicago.com\/blog\/wp-json\/wp\/v2\/comments?post=935"}],"version-history":[{"count":1,"href":"https:\/\/bestboxlunchchicago.com\/blog\/wp-json\/wp\/v2\/posts\/935\/revisions"}],"predecessor-version":[{"id":936,"href":"https:\/\/bestboxlunchchicago.com\/blog\/wp-json\/wp\/v2\/posts\/935\/revisions\/936"}],"wp:attachment":[{"href":"https:\/\/bestboxlunchchicago.com\/blog\/wp-json\/wp\/v2\/media?parent=935"}],"wp:term":[{"taxonomy":"category","embeddable":true,"href":"https:\/\/bestboxlunchchicago.com\/blog\/wp-json\/wp\/v2\/categories?post=935"},{"taxonomy":"post_tag","embeddable":true,"href":"https:\/\/bestboxlunchchicago.com\/blog\/wp-json\/wp\/v2\/tags?post=935"}],"curies":[{"name":"wp","href":"https:\/\/api.w.org\/{rel}","templated":true}]}}