{"id":975,"date":"2020-07-04T02:30:09","date_gmt":"2020-07-04T02:30:09","guid":{"rendered":"http:\/\/bestboxlunchchicago.com\/blog\/?p=975"},"modified":"2020-07-03T06:18:11","modified_gmt":"2020-07-03T06:18:11","slug":"rencontres-aero-gimont","status":"publish","type":"post","link":"https:\/\/bestboxlunchchicago.com\/blog\/2020\/07\/04\/rencontres-aero-gimont\/","title":{"rendered":"Rencontres Aero Gimont"},"content":{"rendered":"<p>Famille Oul\u00e9-G\u00eete den L\u00e9b\u00e9-32430 Touget-t\u00e9l. 05 62 06 81 86-port. 06 25 62 74 64 Pour discuter et se rencontrer avant d\u00e9part, trouver les meilleurs conseils dautres participants ou participer aux projets de lUCPA, laventure commence avec la communaut\u00e9. En renseignant votre adresse email, vous acceptez de recevoir chaque jour nos derniers articles par courrier \u00e9lectronique. Votre adresse de messagerie est uniquement utilis\u00e9e pour vous envoyer nos lettres dinformation. Vous pourrez \u00e0 tout moment utiliser le lien de d\u00e9sabonnement int\u00e9gr\u00e9 dans la newsletter. Je suis \u00e9tudiant master en a\u00e9ronautique.qui peut maider pour comprendre le CFD? merci-Exposition \u00e0 Mont\u00e9lico au Mus\u00e9e de lAviation de Chasse \u00e0 Mont\u00e9limar 26   <img decoding=\"async\" src=\"http:\/\/www.crl-midipyrenees.fr\/wp-content\/uploads\/2016\/07\/Flyer1.jpg\" alt=\"rencontres aero gimont\" align=\"right\"> <img decoding=\"async\" src=\"http:\/\/ekladata.com\/SVsIbHAiaYEBEtEczZDm3MPWDgE.jpg\" alt=\"rencontres aero gimont\" align=\"right\"> En plus de deux sites dexpositions et de nombreuses conf\u00e9rences, la manifestation a \u00e9galement comport\u00e9 un Festival du film a\u00e9ronautique, un concours de dessin et un meeting a\u00e9rien. Les th\u00e8mes \u00e0 lhonneur cette ann\u00e9e ont \u00e9t\u00e9, c\u00f4t\u00e9 a\u00e9ronautique, linventeur Cl\u00e9ment Ader et c\u00f4t\u00e9 spatial, les vols habit\u00e9s et le tourisme spatial. Une large place a aussi \u00e9t\u00e9 accord\u00e9e au th\u00e8me du d\u00e9veloppement durable. Parmi les conf\u00e9renciers, Alberto Novelli, responsable de l\u00e9quipe ESA au Centre de Contr\u00f4le de lATV et Jean-Michel Bois, chef des op\u00e9rations ATV \u00e0 lESA, ont repr\u00e9sent\u00e9 le secteur spatial. Des stations de ski et thermales des Hautes-Pyr\u00e9n\u00e9es, des vignobles de Cahors dans le Lot, de la nature verdoyante et vallon\u00e9e du Gers, des terres sauvages de lAubrac ou de Rodez et sa vieille ville dans lAveyron, sans oublier la Haute Garonne avec sa m\u00e9tropole Toulouse, lAri\u00e8ge, le Tarn et le Tarn et Garonne, tous les d\u00e9partements sont trait\u00e9s. Vous devez \u00eatre logu\u00e9 pour laisser des commentaires. Cette huiti\u00e8me \u00e9dition marque \u00e9galement le retour en force de lArm\u00e9e de lAir avec lexposition des Ailes et des Hommes qui permettra au public de d\u00e9couvrir denouveaux et nombreux simulateurs de vol. Cette grande exposition ouvrira sesportes, le vendredi 28 septembre 2012, en pr\u00e9lude aux Rencontres A\u00e9ronautiques et Spatiales qui d\u00e9buteront, le mercredi 3 octobre. Jai souhait\u00e9 que cette grandeexposition ludique soit \u00e9galement p\u00e9dagogique, interactive, les pr\u00e9mices dun espace stimulant des vocations pr\u00e9cise Pierre Duffaut.  Rep\u00e9rez-vous dans la Cit\u00e9 de lespace en consultant le plan et pr\u00e9parer votre visite en consultant les horaires des activit\u00e9s La semaine a commenc\u00e9 par des rencontres et visites industrielles chez sur les appareils \u00e0 d\u00e9collage vertical et l\u00e9lectrification des avions, chez pour une visite de la cha\u00eene dassemblage et chez PRISMADD et Farella sur la m\u00e9tallurgie de pr\u00e9cision et la fabrication additive. La municipalit\u00e9 de Gimont Gers organise la deuxi\u00e8me \u00e9dition du concours de nouvelles. Ainsi le recueil des nouvelles prim\u00e9es sera \u00e9dit\u00e9 par Edilivre. Le principal bassin demploi dans le secteur de la\u00e9ronautique se trouve \u00e0 Toulouse et ses environs. Pas \u00e9tonnant donc que lun des forums de lemploi les plus int\u00e9ressants ait lieu \u00e0 Gimont, dans le Gers! La 5\u00e8me \u00e9dition de ce forum fait partie des 11\u00e8me Rencontres a\u00e9ronautiques et spatiales de Gimont, qui a pour th\u00e8me principal cette ann\u00e9e les drones. Le forum de lemploi aura lieu le 2 octobre 2015, de 9h \u00e0 15h. Vous pourrez ainsi assister \u00e0 des conf\u00e9rences sur lemploi et la formation st\u00e9r\u00e9otypes femmeshommes, services num\u00e9riques de P\u00f4le Emploi., et rencontrer des entreprises comme Cousso, Derichebourg Atis A\u00e9ronautique, Assistance A\u00e9ronautique et A\u00e9rospatiale.. Une visite dusine est \u00e9galement pr\u00e9vue. Vous pouvez vous rendre sur notre page daccueil afin de naviguer parmis nos diff\u00e9rentes rubriques. Nous soutenons le HanditechTrophy 4! Un \u00e9v\u00e9nement cr\u00e9\u00e9 pour soutenir et r\u00e9compenser une vision inclusive de lin.. <img decoding=\"async\" src=\"http:\/\/img.over-blog.com\/300x225\/4\/05\/52\/92\/IMGP0946.JPG\" alt=\"rencontres aero gimont\" align=\"center\"> LA CITE DE LESPACE A LE PLAISIR DE VOUS ANNONCER SA R\u00c9OUVERTURE DEPUIS LE VENDREDI 05 JUIN 2020. Appartements \u00c9tape Gimontoise 32 8.610 157 avis 66 Rue Nationale, 32200 Gimont 0.14 km-cr\u00e9ation de lexposition Plus belle la Ligne au Centre Culturel Henri Desbals \u00e0 Toulouse 31. Cette exposition a ensuite \u00e9t\u00e9 accueillie \u00e0 Gimont 32 lors des Rencontres A\u00e9ronautiques et Spatiales.<\/p>\n","protected":false},"excerpt":{"rendered":"<p>rencontres aero gimont<\/p>\n","protected":false},"author":1,"featured_media":0,"comment_status":"closed","ping_status":"closed","sticky":false,"template":"","format":"standard","meta":{"footnotes":""},"categories":[1],"tags":[],"_links":{"self":[{"href":"https:\/\/bestboxlunchchicago.com\/blog\/wp-json\/wp\/v2\/posts\/975"}],"collection":[{"href":"https:\/\/bestboxlunchchicago.com\/blog\/wp-json\/wp\/v2\/posts"}],"about":[{"href":"https:\/\/bestboxlunchchicago.com\/blog\/wp-json\/wp\/v2\/types\/post"}],"author":[{"embeddable":true,"href":"https:\/\/bestboxlunchchicago.com\/blog\/wp-json\/wp\/v2\/users\/1"}],"replies":[{"embeddable":true,"href":"https:\/\/bestboxlunchchicago.com\/blog\/wp-json\/wp\/v2\/comments?post=975"}],"version-history":[{"count":1,"href":"https:\/\/bestboxlunchchicago.com\/blog\/wp-json\/wp\/v2\/posts\/975\/revisions"}],"predecessor-version":[{"id":976,"href":"https:\/\/bestboxlunchchicago.com\/blog\/wp-json\/wp\/v2\/posts\/975\/revisions\/976"}],"wp:attachment":[{"href":"https:\/\/bestboxlunchchicago.com\/blog\/wp-json\/wp\/v2\/media?parent=975"}],"wp:term":[{"taxonomy":"category","embeddable":true,"href":"https:\/\/bestboxlunchchicago.com\/blog\/wp-json\/wp\/v2\/categories?post=975"},{"taxonomy":"post_tag","embeddable":true,"href":"https:\/\/bestboxlunchchicago.com\/blog\/wp-json\/wp\/v2\/tags?post=975"}],"curies":[{"name":"wp","href":"https:\/\/api.w.org\/{rel}","templated":true}]}}